{"id":5451,"date":"2022-01-12T15:05:38","date_gmt":"2022-01-12T20:05:38","guid":{"rendered":"https:\/\/www.medicalofficesofmanhattan.com\/why-am-i-sad-during-the-winter\/"},"modified":"2023-05-22T06:37:38","modified_gmt":"2023-05-22T10:37:38","slug":"why-am-i-sad-during-the-winter","status":"publish","type":"post","link":"https:\/\/www.medicalofficesofmanhattan.com\/es\/blog\/why-am-i-sad-during-the-winter\/","title":{"rendered":"Why Am I SAD During The Winter?"},"content":{"rendered":"<p>Do you go through short periods of\u00a0<a href=\"https:\/\/www.medicalofficesofmanhattan.com\/es\/conditions\/anxiety-depression\/\" target=\"_blank\" rel=\"noopener\" shape=\"rect\">depression<\/a>\u00a0every winter? Do you start to feel down or not like your usual self when the days get shorter? If so, you could have seasonal affective disorder (SAD).<br clear=\"none\" \/><br clear=\"none\" \/>SAD is a common type of depression that&#8217;s related to changes in the season. SAD can occur in spring and summer but is most common in the fall or early winter.<\/p>\n<p><strong>Symptoms of winter-onset SAD may include:<\/strong><\/p>\n<ul>\n<li>Oversleeping<\/li>\n<li>Lack of energy<\/li>\n<li>Increased appetite<\/li>\n<li>Aumento de peso<\/li>\n<li>Feeling sad, hopeless<\/li>\n<\/ul>\n<p>There are treatment options for those who suffer from SAD. Our in-house\u00a0<a href=\"https:\/\/www.medicalofficesofmanhattan.com\/es\/services\/psychiatry\/\" target=\"_blank\" rel=\"noopener\" shape=\"rect\">Psychiatrist<\/a>,\u00a0<a href=\"https:\/\/www.medicalofficesofmanhattan.com\/es\/our-team\/sandy-lowe-md\/\" target=\"_blank\" rel=\"noopener\" shape=\"rect\">Dr. Sandy Lowe<\/a>\u00a0provides a safe and secure environment that is free from judgement. He is available for virtual appointments or in-person at our\u00a0<a href=\"https:\/\/www.medicalofficesofmanhattan.com\/es\/locations\/upper-east-side-65th-3rd\/\" target=\"_blank\" rel=\"noopener\" shape=\"rect\">Upper East Side<\/a>\u00a0and\u00a0<a href=\"https:\/\/www.medicalofficesofmanhattan.com\/es\/locations\/midtown-east-51st-3rd\/\" target=\"_blank\" rel=\"noopener\" shape=\"rect\">Midtown East<\/a>\u00a0locations. Come in to talk &#8211; we are here to help.<\/p>","protected":false},"excerpt":{"rendered":"<p>Do you go through short periods of\u00a0depression\u00a0every winter? Do you start to feel down or not like your usual self when the days get shorter? If so, you could have seasonal affective disorder (SAD).SAD is a common type of depression that&#8217;s related to changes in the season. SAD can occur in spring and summer but [&hellip;]<\/p>\n","protected":false},"author":1,"featured_media":5452,"comment_status":"open","ping_status":"open","sticky":false,"template":"","format":"standard","meta":{"_acf_changed":false,"inline_featured_image":false,"footnotes":""},"categories":[454],"tags":[],"class_list":["post-5451","post","type-post","status-publish","format-standard","has-post-thumbnail","hentry","category-blog"],"acf":[],"yoast_head":"<!-- This site is optimized with the Yoast SEO plugin v26.0 - https:\/\/yoast.com\/wordpress\/plugins\/seo\/ -->\n<title>Why Am I Sad During Winter? | Medical Offices of Manhattan<\/title>\n<meta name=\"description\" content=\"Discover the reasons behind Seasonal Affective Disorder (SAD) during winter. Learn effective strategies to alleviate symptoms and improve your well-being.\" \/>\n<meta name=\"robots\" content=\"index, follow, max-snippet:-1, max-image-preview:large, max-video-preview:-1\" \/>\n<link rel=\"canonical\" href=\"https:\/\/www.medicalofficesofmanhattan.com\/es\/blog\/why-am-i-sad-during-the-winter\/\" \/>\n<meta property=\"og:locale\" content=\"es_ES\" \/>\n<meta property=\"og:type\" content=\"article\" \/>\n<meta property=\"og:title\" content=\"Why Am I Sad During Winter? | Medical Offices of Manhattan\" \/>\n<meta property=\"og:description\" content=\"Discover the reasons behind Seasonal Affective Disorder (SAD) during winter. Learn effective strategies to alleviate symptoms and improve your well-being.\" \/>\n<meta property=\"og:url\" content=\"https:\/\/www.medicalofficesofmanhattan.com\/es\/blog\/why-am-i-sad-during-the-winter\/\" \/>\n<meta property=\"og:site_name\" content=\"Medical Offices of Manhattan\" \/>\n<meta property=\"article:published_time\" content=\"2022-01-12T20:05:38+00:00\" \/>\n<meta property=\"article:modified_time\" content=\"2023-05-22T10:37:38+00:00\" \/>\n<meta property=\"og:image\" content=\"https:\/\/www.medicalofficesofmanhattan.com\/wp-content\/uploads\/2023\/01\/SAD.png\" \/>\n\t<meta property=\"og:image:width\" content=\"550\" \/>\n\t<meta property=\"og:image:height\" content=\"310\" \/>\n\t<meta property=\"og:image:type\" content=\"image\/png\" \/>\n<meta name=\"author\" content=\"twm-admin\" \/>\n<meta name=\"twitter:card\" content=\"summary_large_image\" \/>\n<meta name=\"twitter:label1\" content=\"Written by\" \/>\n\t<meta name=\"twitter:data1\" content=\"twm-admin\" \/>\n\t<meta name=\"twitter:label2\" content=\"Est. reading time\" \/>\n\t<meta name=\"twitter:data2\" content=\"1 minuto\" \/>\n<script type=\"application\/ld+json\" class=\"yoast-schema-graph\">{\"@context\":\"https:\/\/schema.org\",\"@graph\":[{\"@type\":\"Article\",\"@id\":\"https:\/\/www.medicalofficesofmanhattan.com\/blog\/why-am-i-sad-during-the-winter\/#article\",\"isPartOf\":{\"@id\":\"https:\/\/www.medicalofficesofmanhattan.com\/blog\/why-am-i-sad-during-the-winter\/\"},\"author\":{\"name\":\"twm-admin\",\"@id\":\"https:\/\/www.medicalofficesofmanhattan.com\/#\/schema\/person\/d65a962cfb89e37b11e288594db274f6\"},\"headline\":\"Why Am I SAD During The Winter?\",\"datePublished\":\"2022-01-12T20:05:38+00:00\",\"dateModified\":\"2023-05-22T10:37:38+00:00\",\"mainEntityOfPage\":{\"@id\":\"https:\/\/www.medicalofficesofmanhattan.com\/blog\/why-am-i-sad-during-the-winter\/\"},\"wordCount\":146,\"commentCount\":0,\"publisher\":{\"@id\":\"https:\/\/www.medicalofficesofmanhattan.com\/#organization\"},\"image\":{\"@id\":\"https:\/\/www.medicalofficesofmanhattan.com\/blog\/why-am-i-sad-during-the-winter\/#primaryimage\"},\"thumbnailUrl\":\"https:\/\/www.medicalofficesofmanhattan.com\/wp-content\/uploads\/2023\/01\/SAD.png\",\"articleSection\":[\"Blog\"],\"inLanguage\":\"es\",\"potentialAction\":[{\"@type\":\"CommentAction\",\"name\":\"Comment\",\"target\":[\"https:\/\/www.medicalofficesofmanhattan.com\/blog\/why-am-i-sad-during-the-winter\/#respond\"]}]},{\"@type\":\"WebPage\",\"@id\":\"https:\/\/www.medicalofficesofmanhattan.com\/blog\/why-am-i-sad-during-the-winter\/\",\"url\":\"https:\/\/www.medicalofficesofmanhattan.com\/blog\/why-am-i-sad-during-the-winter\/\",\"name\":\"Why Am I Sad During Winter? | Medical Offices of Manhattan\",\"isPartOf\":{\"@id\":\"https:\/\/www.medicalofficesofmanhattan.com\/#website\"},\"primaryImageOfPage\":{\"@id\":\"https:\/\/www.medicalofficesofmanhattan.com\/blog\/why-am-i-sad-during-the-winter\/#primaryimage\"},\"image\":{\"@id\":\"https:\/\/www.medicalofficesofmanhattan.com\/blog\/why-am-i-sad-during-the-winter\/#primaryimage\"},\"thumbnailUrl\":\"https:\/\/www.medicalofficesofmanhattan.com\/wp-content\/uploads\/2023\/01\/SAD.png\",\"datePublished\":\"2022-01-12T20:05:38+00:00\",\"dateModified\":\"2023-05-22T10:37:38+00:00\",\"description\":\"Discover the reasons behind Seasonal Affective Disorder (SAD) during winter. Learn effective strategies to alleviate symptoms and improve your well-being.\",\"breadcrumb\":{\"@id\":\"https:\/\/www.medicalofficesofmanhattan.com\/blog\/why-am-i-sad-during-the-winter\/#breadcrumb\"},\"inLanguage\":\"es\",\"potentialAction\":[{\"@type\":\"ReadAction\",\"target\":[\"https:\/\/www.medicalofficesofmanhattan.com\/blog\/why-am-i-sad-during-the-winter\/\"]}]},{\"@type\":\"ImageObject\",\"inLanguage\":\"es\",\"@id\":\"https:\/\/www.medicalofficesofmanhattan.com\/blog\/why-am-i-sad-during-the-winter\/#primaryimage\",\"url\":\"https:\/\/www.medicalofficesofmanhattan.com\/wp-content\/uploads\/2023\/01\/SAD.png\",\"contentUrl\":\"https:\/\/www.medicalofficesofmanhattan.com\/wp-content\/uploads\/2023\/01\/SAD.png\",\"width\":550,\"height\":310,\"caption\":\"SAD\"},{\"@type\":\"BreadcrumbList\",\"@id\":\"https:\/\/www.medicalofficesofmanhattan.com\/blog\/why-am-i-sad-during-the-winter\/#breadcrumb\",\"itemListElement\":[{\"@type\":\"ListItem\",\"position\":1,\"name\":\"Home\",\"item\":\"https:\/\/www.medicalofficesofmanhattan.com\/\"},{\"@type\":\"ListItem\",\"position\":2,\"name\":\"Why Am I SAD During The Winter?\"}]},{\"@type\":\"WebSite\",\"@id\":\"https:\/\/www.medicalofficesofmanhattan.com\/#website\",\"url\":\"https:\/\/www.medicalofficesofmanhattan.com\/\",\"name\":\"Medical Offices of Manhattan\",\"description\":\"Award-Winning Primary Care Physicians\",\"publisher\":{\"@id\":\"https:\/\/www.medicalofficesofmanhattan.com\/#organization\"},\"potentialAction\":[{\"@type\":\"SearchAction\",\"target\":{\"@type\":\"EntryPoint\",\"urlTemplate\":\"https:\/\/www.medicalofficesofmanhattan.com\/?s={search_term_string}\"},\"query-input\":{\"@type\":\"PropertyValueSpecification\",\"valueRequired\":true,\"valueName\":\"search_term_string\"}}],\"inLanguage\":\"es\"},{\"@type\":\"Organization\",\"@id\":\"https:\/\/www.medicalofficesofmanhattan.com\/#organization\",\"name\":\"Medical Offices of Manhattan\",\"url\":\"https:\/\/www.medicalofficesofmanhattan.com\/\",\"logo\":{\"@type\":\"ImageObject\",\"inLanguage\":\"es\",\"@id\":\"https:\/\/www.medicalofficesofmanhattan.com\/#\/schema\/logo\/image\/\",\"url\":\"https:\/\/www.medicalofficesofmanhattan.com\/wp-content\/uploads\/2023\/01\/Medical-Offices-of-Manhattan-Logo-White.png\",\"contentUrl\":\"https:\/\/www.medicalofficesofmanhattan.com\/wp-content\/uploads\/2023\/01\/Medical-Offices-of-Manhattan-Logo-White.png\",\"width\":1794,\"height\":496,\"caption\":\"Medical Offices of Manhattan\"},\"image\":{\"@id\":\"https:\/\/www.medicalofficesofmanhattan.com\/#\/schema\/logo\/image\/\"}},{\"@type\":\"Person\",\"@id\":\"https:\/\/www.medicalofficesofmanhattan.com\/#\/schema\/person\/d65a962cfb89e37b11e288594db274f6\",\"name\":\"twm-admin\",\"image\":{\"@type\":\"ImageObject\",\"inLanguage\":\"es\",\"@id\":\"https:\/\/www.medicalofficesofmanhattan.com\/#\/schema\/person\/image\/\",\"url\":\"https:\/\/secure.gravatar.com\/avatar\/f4acb83bbccf8fb2633ff95e8844f77315d21d0a2300a177eafd83d8704f1f4e?s=96&d=mm&r=g\",\"contentUrl\":\"https:\/\/secure.gravatar.com\/avatar\/f4acb83bbccf8fb2633ff95e8844f77315d21d0a2300a177eafd83d8704f1f4e?s=96&d=mm&r=g\",\"caption\":\"twm-admin\"},\"url\":\"https:\/\/www.medicalofficesofmanhattan.com\/es\/author\/twm-admin\/\"}]}<\/script>\n<!-- \/ Yoast SEO plugin. -->","yoast_head_json":{"title":"Why Am I Sad During Winter? | Medical Offices of Manhattan","description":"Discover the reasons behind Seasonal Affective Disorder (SAD) during winter. Learn effective strategies to alleviate symptoms and improve your well-being.","robots":{"index":"index","follow":"follow","max-snippet":"max-snippet:-1","max-image-preview":"max-image-preview:large","max-video-preview":"max-video-preview:-1"},"canonical":"https:\/\/www.medicalofficesofmanhattan.com\/es\/blog\/why-am-i-sad-during-the-winter\/","og_locale":"es_ES","og_type":"article","og_title":"Why Am I Sad During Winter? | Medical Offices of Manhattan","og_description":"Discover the reasons behind Seasonal Affective Disorder (SAD) during winter. Learn effective strategies to alleviate symptoms and improve your well-being.","og_url":"https:\/\/www.medicalofficesofmanhattan.com\/es\/blog\/why-am-i-sad-during-the-winter\/","og_site_name":"Medical Offices of Manhattan","article_published_time":"2022-01-12T20:05:38+00:00","article_modified_time":"2023-05-22T10:37:38+00:00","og_image":[{"width":550,"height":310,"url":"https:\/\/www.medicalofficesofmanhattan.com\/wp-content\/uploads\/2023\/01\/SAD.png","type":"image\/png"}],"author":"twm-admin","twitter_card":"summary_large_image","twitter_misc":{"Written by":"twm-admin","Est. reading time":"1 minuto"},"schema":{"@context":"https:\/\/schema.org","@graph":[{"@type":"Article","@id":"https:\/\/www.medicalofficesofmanhattan.com\/blog\/why-am-i-sad-during-the-winter\/#article","isPartOf":{"@id":"https:\/\/www.medicalofficesofmanhattan.com\/blog\/why-am-i-sad-during-the-winter\/"},"author":{"name":"twm-admin","@id":"https:\/\/www.medicalofficesofmanhattan.com\/#\/schema\/person\/d65a962cfb89e37b11e288594db274f6"},"headline":"Why Am I SAD During The Winter?","datePublished":"2022-01-12T20:05:38+00:00","dateModified":"2023-05-22T10:37:38+00:00","mainEntityOfPage":{"@id":"https:\/\/www.medicalofficesofmanhattan.com\/blog\/why-am-i-sad-during-the-winter\/"},"wordCount":146,"commentCount":0,"publisher":{"@id":"https:\/\/www.medicalofficesofmanhattan.com\/#organization"},"image":{"@id":"https:\/\/www.medicalofficesofmanhattan.com\/blog\/why-am-i-sad-during-the-winter\/#primaryimage"},"thumbnailUrl":"https:\/\/www.medicalofficesofmanhattan.com\/wp-content\/uploads\/2023\/01\/SAD.png","articleSection":["Blog"],"inLanguage":"es","potentialAction":[{"@type":"CommentAction","name":"Comment","target":["https:\/\/www.medicalofficesofmanhattan.com\/blog\/why-am-i-sad-during-the-winter\/#respond"]}]},{"@type":"WebPage","@id":"https:\/\/www.medicalofficesofmanhattan.com\/blog\/why-am-i-sad-during-the-winter\/","url":"https:\/\/www.medicalofficesofmanhattan.com\/blog\/why-am-i-sad-during-the-winter\/","name":"Why Am I Sad During Winter? | Medical Offices of Manhattan","isPartOf":{"@id":"https:\/\/www.medicalofficesofmanhattan.com\/#website"},"primaryImageOfPage":{"@id":"https:\/\/www.medicalofficesofmanhattan.com\/blog\/why-am-i-sad-during-the-winter\/#primaryimage"},"image":{"@id":"https:\/\/www.medicalofficesofmanhattan.com\/blog\/why-am-i-sad-during-the-winter\/#primaryimage"},"thumbnailUrl":"https:\/\/www.medicalofficesofmanhattan.com\/wp-content\/uploads\/2023\/01\/SAD.png","datePublished":"2022-01-12T20:05:38+00:00","dateModified":"2023-05-22T10:37:38+00:00","description":"Discover the reasons behind Seasonal Affective Disorder (SAD) during winter. Learn effective strategies to alleviate symptoms and improve your well-being.","breadcrumb":{"@id":"https:\/\/www.medicalofficesofmanhattan.com\/blog\/why-am-i-sad-during-the-winter\/#breadcrumb"},"inLanguage":"es","potentialAction":[{"@type":"ReadAction","target":["https:\/\/www.medicalofficesofmanhattan.com\/blog\/why-am-i-sad-during-the-winter\/"]}]},{"@type":"ImageObject","inLanguage":"es","@id":"https:\/\/www.medicalofficesofmanhattan.com\/blog\/why-am-i-sad-during-the-winter\/#primaryimage","url":"https:\/\/www.medicalofficesofmanhattan.com\/wp-content\/uploads\/2023\/01\/SAD.png","contentUrl":"https:\/\/www.medicalofficesofmanhattan.com\/wp-content\/uploads\/2023\/01\/SAD.png","width":550,"height":310,"caption":"SAD"},{"@type":"BreadcrumbList","@id":"https:\/\/www.medicalofficesofmanhattan.com\/blog\/why-am-i-sad-during-the-winter\/#breadcrumb","itemListElement":[{"@type":"ListItem","position":1,"name":"Home","item":"https:\/\/www.medicalofficesofmanhattan.com\/"},{"@type":"ListItem","position":2,"name":"Why Am I SAD During The Winter?"}]},{"@type":"WebSite","@id":"https:\/\/www.medicalofficesofmanhattan.com\/#website","url":"https:\/\/www.medicalofficesofmanhattan.com\/","name":"Consultorios M\u00e9dicos de Manhattan","description":"M\u00e9dicos de atenci\u00f3n primaria galardonados","publisher":{"@id":"https:\/\/www.medicalofficesofmanhattan.com\/#organization"},"potentialAction":[{"@type":"SearchAction","target":{"@type":"EntryPoint","urlTemplate":"https:\/\/www.medicalofficesofmanhattan.com\/?s={search_term_string}"},"query-input":{"@type":"PropertyValueSpecification","valueRequired":true,"valueName":"search_term_string"}}],"inLanguage":"es"},{"@type":"Organization","@id":"https:\/\/www.medicalofficesofmanhattan.com\/#organization","name":"Consultorios M\u00e9dicos de Manhattan","url":"https:\/\/www.medicalofficesofmanhattan.com\/","logo":{"@type":"ImageObject","inLanguage":"es","@id":"https:\/\/www.medicalofficesofmanhattan.com\/#\/schema\/logo\/image\/","url":"https:\/\/www.medicalofficesofmanhattan.com\/wp-content\/uploads\/2023\/01\/Medical-Offices-of-Manhattan-Logo-White.png","contentUrl":"https:\/\/www.medicalofficesofmanhattan.com\/wp-content\/uploads\/2023\/01\/Medical-Offices-of-Manhattan-Logo-White.png","width":1794,"height":496,"caption":"Medical Offices of Manhattan"},"image":{"@id":"https:\/\/www.medicalofficesofmanhattan.com\/#\/schema\/logo\/image\/"}},{"@type":"Person","@id":"https:\/\/www.medicalofficesofmanhattan.com\/#\/schema\/person\/d65a962cfb89e37b11e288594db274f6","name":"twm-admin","image":{"@type":"ImageObject","inLanguage":"es","@id":"https:\/\/www.medicalofficesofmanhattan.com\/#\/schema\/person\/image\/","url":"https:\/\/secure.gravatar.com\/avatar\/f4acb83bbccf8fb2633ff95e8844f77315d21d0a2300a177eafd83d8704f1f4e?s=96&d=mm&r=g","contentUrl":"https:\/\/secure.gravatar.com\/avatar\/f4acb83bbccf8fb2633ff95e8844f77315d21d0a2300a177eafd83d8704f1f4e?s=96&d=mm&r=g","caption":"twm-admin"},"url":"https:\/\/www.medicalofficesofmanhattan.com\/es\/author\/twm-admin\/"}]}},"_links":{"self":[{"href":"https:\/\/www.medicalofficesofmanhattan.com\/es\/wp-json\/wp\/v2\/posts\/5451","targetHints":{"allow":["GET"]}}],"collection":[{"href":"https:\/\/www.medicalofficesofmanhattan.com\/es\/wp-json\/wp\/v2\/posts"}],"about":[{"href":"https:\/\/www.medicalofficesofmanhattan.com\/es\/wp-json\/wp\/v2\/types\/post"}],"author":[{"embeddable":true,"href":"https:\/\/www.medicalofficesofmanhattan.com\/es\/wp-json\/wp\/v2\/users\/1"}],"replies":[{"embeddable":true,"href":"https:\/\/www.medicalofficesofmanhattan.com\/es\/wp-json\/wp\/v2\/comments?post=5451"}],"version-history":[{"count":1,"href":"https:\/\/www.medicalofficesofmanhattan.com\/es\/wp-json\/wp\/v2\/posts\/5451\/revisions"}],"predecessor-version":[{"id":14934,"href":"https:\/\/www.medicalofficesofmanhattan.com\/es\/wp-json\/wp\/v2\/posts\/5451\/revisions\/14934"}],"wp:featuredmedia":[{"embeddable":true,"href":"https:\/\/www.medicalofficesofmanhattan.com\/es\/wp-json\/wp\/v2\/media\/5452"}],"wp:attachment":[{"href":"https:\/\/www.medicalofficesofmanhattan.com\/es\/wp-json\/wp\/v2\/media?parent=5451"}],"wp:term":[{"taxonomy":"category","embeddable":true,"href":"https:\/\/www.medicalofficesofmanhattan.com\/es\/wp-json\/wp\/v2\/categories?post=5451"},{"taxonomy":"post_tag","embeddable":true,"href":"https:\/\/www.medicalofficesofmanhattan.com\/es\/wp-json\/wp\/v2\/tags?post=5451"}],"curies":[{"name":"\u00a1Bien jugado!","href":"https:\/\/api.w.org\/{rel}","templated":true}]}}