{"id":20988,"date":"2023-07-07T15:02:54","date_gmt":"2023-07-07T19:02:54","guid":{"rendered":"https:\/\/www.medicalofficesofmanhattan.com\/?p=20988"},"modified":"2024-04-18T09:37:18","modified_gmt":"2024-04-18T13:37:18","slug":"the-connection-between-asthma-and-vitamin-d","status":"publish","type":"post","link":"https:\/\/www.medicalofficesofmanhattan.com\/es\/news\/the-connection-between-asthma-and-vitamin-d\/","title":{"rendered":"The Connection Between Asthma and Vitamin D"},"content":{"rendered":"<p>Healthy diet might help with <a href=\"https:\/\/www.medicalofficesofmanhattan.com\/es\/conditions\/asthma\/\" target=\"_blank\" rel=\"noreferrer noopener\">asthma treatment<\/a>, but one vitamin in particular may be important: vitamin D. Here&#8217;s what the study indicates, as well as some advice on how to include more into your diet. According to research, the &#8220;sunshine vitamin&#8221; may also have an essential role in your health in other ways, such as lowering your risk of asthma episodes. Are you curious about the connection? Let&#8217;s look at the study, as well as additional nutrients that may have a role in asthma, and how you may include more of these asthma-fighting foods into your diet. <a href=\"https:\/\/www.healthcentral.com\/article\/does-lack-of-vitamin-d-cause-asthma\" target=\"_blank\" rel=\"noreferrer noopener\">Lee el art\u00edculo.<\/a><\/p>","protected":false},"excerpt":{"rendered":"<p>According to research, the &#8220;sunshine vitamin&#8221; may also have an essential role in your health in other ways, such as lowering your risk of asthma episodes. Are you curious about the connection?<\/p>","protected":false},"author":3,"featured_media":20991,"comment_status":"open","ping_status":"open","sticky":false,"template":"","format":"standard","meta":{"_acf_changed":false,"inline_featured_image":false,"footnotes":""},"categories":[455,457],"tags":[553,572],"class_list":["post-20988","post","type-post","status-publish","format-standard","has-post-thumbnail","hentry","category-news","category-media","tag-asthma","tag-asthma-management-plan"],"acf":[],"yoast_head":"<!-- This site is optimized with the Yoast SEO plugin v26.0 - https:\/\/yoast.com\/wordpress\/plugins\/seo\/ -->\n<title>Asthma and Vitamin D | Medical Offices of Manhattan<\/title>\n<meta name=\"description\" content=\"According to research, the &quot;sunshine vitamin&quot; may also have an essential role in your health in other ways, such as lowering your risk of asthma episodes.\" \/>\n<meta name=\"robots\" content=\"index, follow, max-snippet:-1, max-image-preview:large, max-video-preview:-1\" \/>\n<link rel=\"canonical\" href=\"https:\/\/www.medicalofficesofmanhattan.com\/es\/news\/the-connection-between-asthma-and-vitamin-d\/\" \/>\n<meta property=\"og:locale\" content=\"es_ES\" \/>\n<meta property=\"og:type\" content=\"article\" \/>\n<meta property=\"og:title\" content=\"Asthma and Vitamin D | Medical Offices of Manhattan\" \/>\n<meta property=\"og:description\" content=\"According to research, the &quot;sunshine vitamin&quot; may also have an essential role in your health in other ways, such as lowering your risk of asthma episodes.\" \/>\n<meta property=\"og:url\" content=\"https:\/\/www.medicalofficesofmanhattan.com\/es\/news\/the-connection-between-asthma-and-vitamin-d\/\" \/>\n<meta property=\"og:site_name\" content=\"Medical Offices of Manhattan\" \/>\n<meta property=\"article:published_time\" content=\"2023-07-07T19:02:54+00:00\" \/>\n<meta property=\"article:modified_time\" content=\"2024-04-18T13:37:18+00:00\" \/>\n<meta property=\"og:image\" content=\"https:\/\/www.medicalofficesofmanhattan.com\/wp-content\/uploads\/2023\/07\/vitamin_D.png\" \/>\n\t<meta property=\"og:image:width\" content=\"600\" \/>\n\t<meta property=\"og:image:height\" content=\"400\" \/>\n\t<meta property=\"og:image:type\" content=\"image\/png\" \/>\n<meta name=\"author\" content=\"aaron\" \/>\n<meta name=\"twitter:card\" content=\"summary_large_image\" \/>\n<meta name=\"twitter:label1\" content=\"Written by\" \/>\n\t<meta name=\"twitter:data1\" content=\"aaron\" \/>\n\t<meta name=\"twitter:label2\" content=\"Est. reading time\" \/>\n\t<meta name=\"twitter:data2\" content=\"1 minuto\" \/>\n<script type=\"application\/ld+json\" class=\"yoast-schema-graph\">{\"@context\":\"https:\/\/schema.org\",\"@graph\":[{\"@type\":\"Article\",\"@id\":\"https:\/\/www.medicalofficesofmanhattan.com\/news\/the-connection-between-asthma-and-vitamin-d\/#article\",\"isPartOf\":{\"@id\":\"https:\/\/www.medicalofficesofmanhattan.com\/news\/the-connection-between-asthma-and-vitamin-d\/\"},\"author\":{\"name\":\"aaron\",\"@id\":\"https:\/\/www.medicalofficesofmanhattan.com\/#\/schema\/person\/f4e0d0df9e332dfbd24c6660c5b5c24c\"},\"headline\":\"The Connection Between Asthma and Vitamin D\",\"datePublished\":\"2023-07-07T19:02:54+00:00\",\"dateModified\":\"2024-04-18T13:37:18+00:00\",\"mainEntityOfPage\":{\"@id\":\"https:\/\/www.medicalofficesofmanhattan.com\/news\/the-connection-between-asthma-and-vitamin-d\/\"},\"wordCount\":109,\"commentCount\":0,\"publisher\":{\"@id\":\"https:\/\/www.medicalofficesofmanhattan.com\/#organization\"},\"image\":{\"@id\":\"https:\/\/www.medicalofficesofmanhattan.com\/news\/the-connection-between-asthma-and-vitamin-d\/#primaryimage\"},\"thumbnailUrl\":\"https:\/\/www.medicalofficesofmanhattan.com\/wp-content\/uploads\/2023\/07\/vitamin_D.png\",\"keywords\":[\"Asthma\",\"asthma management plan\"],\"articleSection\":[\"News\",\"Media\"],\"inLanguage\":\"es\",\"potentialAction\":[{\"@type\":\"CommentAction\",\"name\":\"Comment\",\"target\":[\"https:\/\/www.medicalofficesofmanhattan.com\/news\/the-connection-between-asthma-and-vitamin-d\/#respond\"]}]},{\"@type\":\"WebPage\",\"@id\":\"https:\/\/www.medicalofficesofmanhattan.com\/news\/the-connection-between-asthma-and-vitamin-d\/\",\"url\":\"https:\/\/www.medicalofficesofmanhattan.com\/news\/the-connection-between-asthma-and-vitamin-d\/\",\"name\":\"Asthma and Vitamin D | Medical Offices of Manhattan\",\"isPartOf\":{\"@id\":\"https:\/\/www.medicalofficesofmanhattan.com\/#website\"},\"primaryImageOfPage\":{\"@id\":\"https:\/\/www.medicalofficesofmanhattan.com\/news\/the-connection-between-asthma-and-vitamin-d\/#primaryimage\"},\"image\":{\"@id\":\"https:\/\/www.medicalofficesofmanhattan.com\/news\/the-connection-between-asthma-and-vitamin-d\/#primaryimage\"},\"thumbnailUrl\":\"https:\/\/www.medicalofficesofmanhattan.com\/wp-content\/uploads\/2023\/07\/vitamin_D.png\",\"datePublished\":\"2023-07-07T19:02:54+00:00\",\"dateModified\":\"2024-04-18T13:37:18+00:00\",\"description\":\"According to research, the \\\"sunshine vitamin\\\" may also have an essential role in your health in other ways, such as lowering your risk of asthma episodes.\",\"breadcrumb\":{\"@id\":\"https:\/\/www.medicalofficesofmanhattan.com\/news\/the-connection-between-asthma-and-vitamin-d\/#breadcrumb\"},\"inLanguage\":\"es\",\"potentialAction\":[{\"@type\":\"ReadAction\",\"target\":[\"https:\/\/www.medicalofficesofmanhattan.com\/news\/the-connection-between-asthma-and-vitamin-d\/\"]}]},{\"@type\":\"ImageObject\",\"inLanguage\":\"es\",\"@id\":\"https:\/\/www.medicalofficesofmanhattan.com\/news\/the-connection-between-asthma-and-vitamin-d\/#primaryimage\",\"url\":\"https:\/\/www.medicalofficesofmanhattan.com\/wp-content\/uploads\/2023\/07\/vitamin_D.png\",\"contentUrl\":\"https:\/\/www.medicalofficesofmanhattan.com\/wp-content\/uploads\/2023\/07\/vitamin_D.png\",\"width\":600,\"height\":400,\"caption\":\"vitamin D\"},{\"@type\":\"BreadcrumbList\",\"@id\":\"https:\/\/www.medicalofficesofmanhattan.com\/news\/the-connection-between-asthma-and-vitamin-d\/#breadcrumb\",\"itemListElement\":[{\"@type\":\"ListItem\",\"position\":1,\"name\":\"Home\",\"item\":\"https:\/\/www.medicalofficesofmanhattan.com\/\"},{\"@type\":\"ListItem\",\"position\":2,\"name\":\"The Connection Between Asthma and Vitamin D\"}]},{\"@type\":\"WebSite\",\"@id\":\"https:\/\/www.medicalofficesofmanhattan.com\/#website\",\"url\":\"https:\/\/www.medicalofficesofmanhattan.com\/\",\"name\":\"Medical Offices of Manhattan\",\"description\":\"Award-Winning Primary Care Physicians\",\"publisher\":{\"@id\":\"https:\/\/www.medicalofficesofmanhattan.com\/#organization\"},\"potentialAction\":[{\"@type\":\"SearchAction\",\"target\":{\"@type\":\"EntryPoint\",\"urlTemplate\":\"https:\/\/www.medicalofficesofmanhattan.com\/?s={search_term_string}\"},\"query-input\":{\"@type\":\"PropertyValueSpecification\",\"valueRequired\":true,\"valueName\":\"search_term_string\"}}],\"inLanguage\":\"es\"},{\"@type\":\"Organization\",\"@id\":\"https:\/\/www.medicalofficesofmanhattan.com\/#organization\",\"name\":\"Medical Offices of Manhattan\",\"url\":\"https:\/\/www.medicalofficesofmanhattan.com\/\",\"logo\":{\"@type\":\"ImageObject\",\"inLanguage\":\"es\",\"@id\":\"https:\/\/www.medicalofficesofmanhattan.com\/#\/schema\/logo\/image\/\",\"url\":\"https:\/\/www.medicalofficesofmanhattan.com\/wp-content\/uploads\/2023\/01\/Medical-Offices-of-Manhattan-Logo-White.png\",\"contentUrl\":\"https:\/\/www.medicalofficesofmanhattan.com\/wp-content\/uploads\/2023\/01\/Medical-Offices-of-Manhattan-Logo-White.png\",\"width\":1794,\"height\":496,\"caption\":\"Medical Offices of Manhattan\"},\"image\":{\"@id\":\"https:\/\/www.medicalofficesofmanhattan.com\/#\/schema\/logo\/image\/\"}},{\"@type\":\"Person\",\"@id\":\"https:\/\/www.medicalofficesofmanhattan.com\/#\/schema\/person\/f4e0d0df9e332dfbd24c6660c5b5c24c\",\"name\":\"aaron\",\"image\":{\"@type\":\"ImageObject\",\"inLanguage\":\"es\",\"@id\":\"https:\/\/www.medicalofficesofmanhattan.com\/#\/schema\/person\/image\/\",\"url\":\"https:\/\/secure.gravatar.com\/avatar\/36ab9cec3f8461a75b345f838bc0d7bebfaf632be51a41ae93b21196abe8a7e1?s=96&d=mm&r=g\",\"contentUrl\":\"https:\/\/secure.gravatar.com\/avatar\/36ab9cec3f8461a75b345f838bc0d7bebfaf632be51a41ae93b21196abe8a7e1?s=96&d=mm&r=g\",\"caption\":\"aaron\"},\"url\":\"https:\/\/www.medicalofficesofmanhattan.com\/es\/author\/aaron\/\"}]}<\/script>\n<!-- \/ Yoast SEO plugin. -->","yoast_head_json":{"title":"Asthma and Vitamin D | Medical Offices of Manhattan","description":"According to research, the \"sunshine vitamin\" may also have an essential role in your health in other ways, such as lowering your risk of asthma episodes.","robots":{"index":"index","follow":"follow","max-snippet":"max-snippet:-1","max-image-preview":"max-image-preview:large","max-video-preview":"max-video-preview:-1"},"canonical":"https:\/\/www.medicalofficesofmanhattan.com\/es\/news\/the-connection-between-asthma-and-vitamin-d\/","og_locale":"es_ES","og_type":"article","og_title":"Asthma and Vitamin D | Medical Offices of Manhattan","og_description":"According to research, the \"sunshine vitamin\" may also have an essential role in your health in other ways, such as lowering your risk of asthma episodes.","og_url":"https:\/\/www.medicalofficesofmanhattan.com\/es\/news\/the-connection-between-asthma-and-vitamin-d\/","og_site_name":"Medical Offices of Manhattan","article_published_time":"2023-07-07T19:02:54+00:00","article_modified_time":"2024-04-18T13:37:18+00:00","og_image":[{"width":600,"height":400,"url":"https:\/\/www.medicalofficesofmanhattan.com\/wp-content\/uploads\/2023\/07\/vitamin_D.png","type":"image\/png"}],"author":"aaron","twitter_card":"summary_large_image","twitter_misc":{"Written by":"aaron","Est. reading time":"1 minuto"},"schema":{"@context":"https:\/\/schema.org","@graph":[{"@type":"Article","@id":"https:\/\/www.medicalofficesofmanhattan.com\/news\/the-connection-between-asthma-and-vitamin-d\/#article","isPartOf":{"@id":"https:\/\/www.medicalofficesofmanhattan.com\/news\/the-connection-between-asthma-and-vitamin-d\/"},"author":{"name":"aaron","@id":"https:\/\/www.medicalofficesofmanhattan.com\/#\/schema\/person\/f4e0d0df9e332dfbd24c6660c5b5c24c"},"headline":"The Connection Between Asthma and Vitamin D","datePublished":"2023-07-07T19:02:54+00:00","dateModified":"2024-04-18T13:37:18+00:00","mainEntityOfPage":{"@id":"https:\/\/www.medicalofficesofmanhattan.com\/news\/the-connection-between-asthma-and-vitamin-d\/"},"wordCount":109,"commentCount":0,"publisher":{"@id":"https:\/\/www.medicalofficesofmanhattan.com\/#organization"},"image":{"@id":"https:\/\/www.medicalofficesofmanhattan.com\/news\/the-connection-between-asthma-and-vitamin-d\/#primaryimage"},"thumbnailUrl":"https:\/\/www.medicalofficesofmanhattan.com\/wp-content\/uploads\/2023\/07\/vitamin_D.png","keywords":["Asthma","asthma management plan"],"articleSection":["News","Media"],"inLanguage":"es","potentialAction":[{"@type":"CommentAction","name":"Comment","target":["https:\/\/www.medicalofficesofmanhattan.com\/news\/the-connection-between-asthma-and-vitamin-d\/#respond"]}]},{"@type":"WebPage","@id":"https:\/\/www.medicalofficesofmanhattan.com\/news\/the-connection-between-asthma-and-vitamin-d\/","url":"https:\/\/www.medicalofficesofmanhattan.com\/news\/the-connection-between-asthma-and-vitamin-d\/","name":"Asthma and Vitamin D | Medical Offices of Manhattan","isPartOf":{"@id":"https:\/\/www.medicalofficesofmanhattan.com\/#website"},"primaryImageOfPage":{"@id":"https:\/\/www.medicalofficesofmanhattan.com\/news\/the-connection-between-asthma-and-vitamin-d\/#primaryimage"},"image":{"@id":"https:\/\/www.medicalofficesofmanhattan.com\/news\/the-connection-between-asthma-and-vitamin-d\/#primaryimage"},"thumbnailUrl":"https:\/\/www.medicalofficesofmanhattan.com\/wp-content\/uploads\/2023\/07\/vitamin_D.png","datePublished":"2023-07-07T19:02:54+00:00","dateModified":"2024-04-18T13:37:18+00:00","description":"According to research, the \"sunshine vitamin\" may also have an essential role in your health in other ways, such as lowering your risk of asthma episodes.","breadcrumb":{"@id":"https:\/\/www.medicalofficesofmanhattan.com\/news\/the-connection-between-asthma-and-vitamin-d\/#breadcrumb"},"inLanguage":"es","potentialAction":[{"@type":"ReadAction","target":["https:\/\/www.medicalofficesofmanhattan.com\/news\/the-connection-between-asthma-and-vitamin-d\/"]}]},{"@type":"ImageObject","inLanguage":"es","@id":"https:\/\/www.medicalofficesofmanhattan.com\/news\/the-connection-between-asthma-and-vitamin-d\/#primaryimage","url":"https:\/\/www.medicalofficesofmanhattan.com\/wp-content\/uploads\/2023\/07\/vitamin_D.png","contentUrl":"https:\/\/www.medicalofficesofmanhattan.com\/wp-content\/uploads\/2023\/07\/vitamin_D.png","width":600,"height":400,"caption":"vitamin D"},{"@type":"BreadcrumbList","@id":"https:\/\/www.medicalofficesofmanhattan.com\/news\/the-connection-between-asthma-and-vitamin-d\/#breadcrumb","itemListElement":[{"@type":"ListItem","position":1,"name":"Home","item":"https:\/\/www.medicalofficesofmanhattan.com\/"},{"@type":"ListItem","position":2,"name":"The Connection Between Asthma and Vitamin D"}]},{"@type":"WebSite","@id":"https:\/\/www.medicalofficesofmanhattan.com\/#website","url":"https:\/\/www.medicalofficesofmanhattan.com\/","name":"Consultorios M\u00e9dicos de Manhattan","description":"M\u00e9dicos de atenci\u00f3n primaria galardonados","publisher":{"@id":"https:\/\/www.medicalofficesofmanhattan.com\/#organization"},"potentialAction":[{"@type":"SearchAction","target":{"@type":"EntryPoint","urlTemplate":"https:\/\/www.medicalofficesofmanhattan.com\/?s={search_term_string}"},"query-input":{"@type":"PropertyValueSpecification","valueRequired":true,"valueName":"search_term_string"}}],"inLanguage":"es"},{"@type":"Organization","@id":"https:\/\/www.medicalofficesofmanhattan.com\/#organization","name":"Consultorios M\u00e9dicos de Manhattan","url":"https:\/\/www.medicalofficesofmanhattan.com\/","logo":{"@type":"ImageObject","inLanguage":"es","@id":"https:\/\/www.medicalofficesofmanhattan.com\/#\/schema\/logo\/image\/","url":"https:\/\/www.medicalofficesofmanhattan.com\/wp-content\/uploads\/2023\/01\/Medical-Offices-of-Manhattan-Logo-White.png","contentUrl":"https:\/\/www.medicalofficesofmanhattan.com\/wp-content\/uploads\/2023\/01\/Medical-Offices-of-Manhattan-Logo-White.png","width":1794,"height":496,"caption":"Medical Offices of Manhattan"},"image":{"@id":"https:\/\/www.medicalofficesofmanhattan.com\/#\/schema\/logo\/image\/"}},{"@type":"Person","@id":"https:\/\/www.medicalofficesofmanhattan.com\/#\/schema\/person\/f4e0d0df9e332dfbd24c6660c5b5c24c","name":"aaron","image":{"@type":"ImageObject","inLanguage":"es","@id":"https:\/\/www.medicalofficesofmanhattan.com\/#\/schema\/person\/image\/","url":"https:\/\/secure.gravatar.com\/avatar\/36ab9cec3f8461a75b345f838bc0d7bebfaf632be51a41ae93b21196abe8a7e1?s=96&d=mm&r=g","contentUrl":"https:\/\/secure.gravatar.com\/avatar\/36ab9cec3f8461a75b345f838bc0d7bebfaf632be51a41ae93b21196abe8a7e1?s=96&d=mm&r=g","caption":"aaron"},"url":"https:\/\/www.medicalofficesofmanhattan.com\/es\/author\/aaron\/"}]}},"_links":{"self":[{"href":"https:\/\/www.medicalofficesofmanhattan.com\/es\/wp-json\/wp\/v2\/posts\/20988","targetHints":{"allow":["GET"]}}],"collection":[{"href":"https:\/\/www.medicalofficesofmanhattan.com\/es\/wp-json\/wp\/v2\/posts"}],"about":[{"href":"https:\/\/www.medicalofficesofmanhattan.com\/es\/wp-json\/wp\/v2\/types\/post"}],"author":[{"embeddable":true,"href":"https:\/\/www.medicalofficesofmanhattan.com\/es\/wp-json\/wp\/v2\/users\/3"}],"replies":[{"embeddable":true,"href":"https:\/\/www.medicalofficesofmanhattan.com\/es\/wp-json\/wp\/v2\/comments?post=20988"}],"version-history":[{"count":2,"href":"https:\/\/www.medicalofficesofmanhattan.com\/es\/wp-json\/wp\/v2\/posts\/20988\/revisions"}],"predecessor-version":[{"id":20990,"href":"https:\/\/www.medicalofficesofmanhattan.com\/es\/wp-json\/wp\/v2\/posts\/20988\/revisions\/20990"}],"wp:featuredmedia":[{"embeddable":true,"href":"https:\/\/www.medicalofficesofmanhattan.com\/es\/wp-json\/wp\/v2\/media\/20991"}],"wp:attachment":[{"href":"https:\/\/www.medicalofficesofmanhattan.com\/es\/wp-json\/wp\/v2\/media?parent=20988"}],"wp:term":[{"taxonomy":"category","embeddable":true,"href":"https:\/\/www.medicalofficesofmanhattan.com\/es\/wp-json\/wp\/v2\/categories?post=20988"},{"taxonomy":"post_tag","embeddable":true,"href":"https:\/\/www.medicalofficesofmanhattan.com\/es\/wp-json\/wp\/v2\/tags?post=20988"}],"curies":[{"name":"\u00a1Bien jugado!","href":"https:\/\/api.w.org\/{rel}","templated":true}]}}