{"id":110344,"date":"2024-11-26T10:48:37","date_gmt":"2024-11-26T15:48:37","guid":{"rendered":"https:\/\/www.medicalofficesofmanhattan.com\/?p=110344"},"modified":"2024-11-26T10:48:37","modified_gmt":"2024-11-26T15:48:37","slug":"can-you-take-excedrin-and-ibuprofen-together","status":"publish","type":"post","link":"https:\/\/www.medicalofficesofmanhattan.com\/es\/news\/can-you-take-excedrin-and-ibuprofen-together\/","title":{"rendered":"Can you take Excedrin and ibuprofen together?"},"content":{"rendered":"<p>When selecting over-the-counter (OTC) painkillers, one has more choices than one would think. Two quite often used are Excedrin and ibuprofen. These drugs serve to control headaches, particularly tension and <a href=\"https:\/\/www.medicalofficesofmanhattan.com\/es\/conditions\/migraine-headaches\/\" target=\"_blank\" rel=\"noreferrer noopener\">migraine headaches<\/a>, by lowering inflammation in addition to momentarily relieving pain. These drugs, however, include NSAID components\u2014aspirin and ibuprofen\u2014so using them together raises your chance of negative effects.<\/p>\n\n\n\n<p>Before using both, or spacing them out to prevent using too much of the same sort of pain medication, speak with your doctor. Generally speaking, you should properly space out any ibuprofen and Excedrin you need to take. Primary care physician <a href=\"https:\/\/www.medicalofficesofmanhattan.com\/es\/our-team\/dr-libbat-tzion-shaham\/\" target=\"_blank\" rel=\"noreferrer noopener\">Libbat-Tzion Shaham, MD<\/a> of Medical Offices of Manhattan, provides detailed notes on the usage of these two over-the-counter drugs. <a href=\"https:\/\/www.singlecare.com\/blog\/excedrin-and-ibuprofen\/\" target=\"_blank\" rel=\"noreferrer noopener\">Lee el art\u00edculo.<\/a><\/p>\n\n\n\n<p><strong><a href=\"https:\/\/momnyc.myezyaccess.com\/ezbooking?t=bp0096YewGU=&amp;_gl=1*ypj29h*_gcl_au*NzIyNzA2NjQ4LjE3MzAxNDQ1NDE.\" target=\"_blank\" rel=\"noreferrer noopener\">Would you like to make an appointment with Dr. Shaham?<\/a><\/strong><\/p>","protected":false},"excerpt":{"rendered":"<p> Excedrin and ibuprofen\u00a0are useful for the management of headaches, such as tension and migraines. But maybe you shouldn&#8217;t take them together?<\/p>","protected":false},"author":3,"featured_media":110352,"comment_status":"open","ping_status":"open","sticky":false,"template":"","format":"standard","meta":{"_acf_changed":false,"inline_featured_image":false,"footnotes":""},"categories":[455,457],"tags":[647,837,1104,1105,1106],"class_list":["post-110344","post","type-post","status-publish","format-standard","has-post-thumbnail","hentry","category-news","category-media","tag-headache","tag-ibupropfen","tag-excedrin-ibuprofen","tag-pain","tag-excedrin"],"acf":[],"yoast_head":"<!-- This site is optimized with the Yoast SEO plugin v26.0 - https:\/\/yoast.com\/wordpress\/plugins\/seo\/ -->\n<title>Excedrin Ibuprofen Safety | Medical Offices of Manhattan<\/title>\n<meta name=\"description\" content=\"Excedrin and ibuprofen are useful for the management of headaches, such as tension and migraines. But maybe you shouldn&#039;t take them together?\" \/>\n<meta name=\"robots\" content=\"index, follow, max-snippet:-1, max-image-preview:large, max-video-preview:-1\" \/>\n<link rel=\"canonical\" href=\"https:\/\/www.medicalofficesofmanhattan.com\/es\/news\/can-you-take-excedrin-and-ibuprofen-together\/\" \/>\n<meta property=\"og:locale\" content=\"es_ES\" \/>\n<meta property=\"og:type\" content=\"article\" \/>\n<meta property=\"og:title\" content=\"Excedrin Ibuprofen Safety | Medical Offices of Manhattan\" \/>\n<meta property=\"og:description\" content=\"Excedrin and ibuprofen are useful for the management of headaches, such as tension and migraines. But maybe you shouldn&#039;t take them together?\" \/>\n<meta property=\"og:url\" content=\"https:\/\/www.medicalofficesofmanhattan.com\/es\/news\/can-you-take-excedrin-and-ibuprofen-together\/\" \/>\n<meta property=\"og:site_name\" content=\"Medical Offices of Manhattan\" \/>\n<meta property=\"article:published_time\" content=\"2024-11-26T15:48:37+00:00\" \/>\n<meta property=\"og:image\" content=\"https:\/\/www.medicalofficesofmanhattan.com\/wp-content\/uploads\/2024\/11\/aspirin-palm-jpg.webp\" \/>\n\t<meta property=\"og:image:width\" content=\"600\" \/>\n\t<meta property=\"og:image:height\" content=\"400\" \/>\n\t<meta property=\"og:image:type\" content=\"image\/jpeg\" \/>\n<meta name=\"author\" content=\"aaron\" \/>\n<meta name=\"twitter:card\" content=\"summary_large_image\" \/>\n<meta name=\"twitter:label1\" content=\"Written by\" \/>\n\t<meta name=\"twitter:data1\" content=\"aaron\" \/>\n\t<meta name=\"twitter:label2\" content=\"Est. reading time\" \/>\n\t<meta name=\"twitter:data2\" content=\"1 minuto\" \/>\n<script type=\"application\/ld+json\" class=\"yoast-schema-graph\">{\"@context\":\"https:\/\/schema.org\",\"@graph\":[{\"@type\":\"Article\",\"@id\":\"https:\/\/www.medicalofficesofmanhattan.com\/news\/can-you-take-excedrin-and-ibuprofen-together\/#article\",\"isPartOf\":{\"@id\":\"https:\/\/www.medicalofficesofmanhattan.com\/news\/can-you-take-excedrin-and-ibuprofen-together\/\"},\"author\":{\"name\":\"aaron\",\"@id\":\"https:\/\/www.medicalofficesofmanhattan.com\/#\/schema\/person\/f4e0d0df9e332dfbd24c6660c5b5c24c\"},\"headline\":\"Can you take Excedrin and ibuprofen together?\",\"datePublished\":\"2024-11-26T15:48:37+00:00\",\"mainEntityOfPage\":{\"@id\":\"https:\/\/www.medicalofficesofmanhattan.com\/news\/can-you-take-excedrin-and-ibuprofen-together\/\"},\"wordCount\":140,\"commentCount\":0,\"publisher\":{\"@id\":\"https:\/\/www.medicalofficesofmanhattan.com\/#organization\"},\"image\":{\"@id\":\"https:\/\/www.medicalofficesofmanhattan.com\/news\/can-you-take-excedrin-and-ibuprofen-together\/#primaryimage\"},\"thumbnailUrl\":\"https:\/\/www.medicalofficesofmanhattan.com\/wp-content\/uploads\/2024\/11\/aspirin-palm-jpg.webp\",\"keywords\":[\"headache\",\"ibupropfen\",\"Excedrin ibuprofen\",\"pain\",\"excedrin\"],\"articleSection\":[\"News\",\"Media\"],\"inLanguage\":\"es\",\"potentialAction\":[{\"@type\":\"CommentAction\",\"name\":\"Comment\",\"target\":[\"https:\/\/www.medicalofficesofmanhattan.com\/news\/can-you-take-excedrin-and-ibuprofen-together\/#respond\"]}]},{\"@type\":\"WebPage\",\"@id\":\"https:\/\/www.medicalofficesofmanhattan.com\/news\/can-you-take-excedrin-and-ibuprofen-together\/\",\"url\":\"https:\/\/www.medicalofficesofmanhattan.com\/news\/can-you-take-excedrin-and-ibuprofen-together\/\",\"name\":\"Excedrin Ibuprofen Safety | Medical Offices of Manhattan\",\"isPartOf\":{\"@id\":\"https:\/\/www.medicalofficesofmanhattan.com\/#website\"},\"primaryImageOfPage\":{\"@id\":\"https:\/\/www.medicalofficesofmanhattan.com\/news\/can-you-take-excedrin-and-ibuprofen-together\/#primaryimage\"},\"image\":{\"@id\":\"https:\/\/www.medicalofficesofmanhattan.com\/news\/can-you-take-excedrin-and-ibuprofen-together\/#primaryimage\"},\"thumbnailUrl\":\"https:\/\/www.medicalofficesofmanhattan.com\/wp-content\/uploads\/2024\/11\/aspirin-palm-jpg.webp\",\"datePublished\":\"2024-11-26T15:48:37+00:00\",\"description\":\"Excedrin and ibuprofen are useful for the management of headaches, such as tension and migraines. But maybe you shouldn't take them together?\",\"breadcrumb\":{\"@id\":\"https:\/\/www.medicalofficesofmanhattan.com\/news\/can-you-take-excedrin-and-ibuprofen-together\/#breadcrumb\"},\"inLanguage\":\"es\",\"potentialAction\":[{\"@type\":\"ReadAction\",\"target\":[\"https:\/\/www.medicalofficesofmanhattan.com\/news\/can-you-take-excedrin-and-ibuprofen-together\/\"]}]},{\"@type\":\"ImageObject\",\"inLanguage\":\"es\",\"@id\":\"https:\/\/www.medicalofficesofmanhattan.com\/news\/can-you-take-excedrin-and-ibuprofen-together\/#primaryimage\",\"url\":\"https:\/\/www.medicalofficesofmanhattan.com\/wp-content\/uploads\/2024\/11\/aspirin-palm-jpg.webp\",\"contentUrl\":\"https:\/\/www.medicalofficesofmanhattan.com\/wp-content\/uploads\/2024\/11\/aspirin-palm-jpg.webp\",\"width\":600,\"height\":400},{\"@type\":\"BreadcrumbList\",\"@id\":\"https:\/\/www.medicalofficesofmanhattan.com\/news\/can-you-take-excedrin-and-ibuprofen-together\/#breadcrumb\",\"itemListElement\":[{\"@type\":\"ListItem\",\"position\":1,\"name\":\"Home\",\"item\":\"https:\/\/www.medicalofficesofmanhattan.com\/\"},{\"@type\":\"ListItem\",\"position\":2,\"name\":\"Can you take Excedrin and ibuprofen together?\"}]},{\"@type\":\"WebSite\",\"@id\":\"https:\/\/www.medicalofficesofmanhattan.com\/#website\",\"url\":\"https:\/\/www.medicalofficesofmanhattan.com\/\",\"name\":\"Medical Offices of Manhattan\",\"description\":\"Award-Winning Primary Care Physicians\",\"publisher\":{\"@id\":\"https:\/\/www.medicalofficesofmanhattan.com\/#organization\"},\"potentialAction\":[{\"@type\":\"SearchAction\",\"target\":{\"@type\":\"EntryPoint\",\"urlTemplate\":\"https:\/\/www.medicalofficesofmanhattan.com\/?s={search_term_string}\"},\"query-input\":{\"@type\":\"PropertyValueSpecification\",\"valueRequired\":true,\"valueName\":\"search_term_string\"}}],\"inLanguage\":\"es\"},{\"@type\":\"Organization\",\"@id\":\"https:\/\/www.medicalofficesofmanhattan.com\/#organization\",\"name\":\"Medical Offices of Manhattan\",\"url\":\"https:\/\/www.medicalofficesofmanhattan.com\/\",\"logo\":{\"@type\":\"ImageObject\",\"inLanguage\":\"es\",\"@id\":\"https:\/\/www.medicalofficesofmanhattan.com\/#\/schema\/logo\/image\/\",\"url\":\"https:\/\/www.medicalofficesofmanhattan.com\/wp-content\/uploads\/2023\/01\/Medical-Offices-of-Manhattan-Logo-White.png\",\"contentUrl\":\"https:\/\/www.medicalofficesofmanhattan.com\/wp-content\/uploads\/2023\/01\/Medical-Offices-of-Manhattan-Logo-White.png\",\"width\":1794,\"height\":496,\"caption\":\"Medical Offices of Manhattan\"},\"image\":{\"@id\":\"https:\/\/www.medicalofficesofmanhattan.com\/#\/schema\/logo\/image\/\"}},{\"@type\":\"Person\",\"@id\":\"https:\/\/www.medicalofficesofmanhattan.com\/#\/schema\/person\/f4e0d0df9e332dfbd24c6660c5b5c24c\",\"name\":\"aaron\",\"image\":{\"@type\":\"ImageObject\",\"inLanguage\":\"es\",\"@id\":\"https:\/\/www.medicalofficesofmanhattan.com\/#\/schema\/person\/image\/\",\"url\":\"https:\/\/secure.gravatar.com\/avatar\/36ab9cec3f8461a75b345f838bc0d7bebfaf632be51a41ae93b21196abe8a7e1?s=96&d=mm&r=g\",\"contentUrl\":\"https:\/\/secure.gravatar.com\/avatar\/36ab9cec3f8461a75b345f838bc0d7bebfaf632be51a41ae93b21196abe8a7e1?s=96&d=mm&r=g\",\"caption\":\"aaron\"},\"url\":\"https:\/\/www.medicalofficesofmanhattan.com\/es\/author\/aaron\/\"}]}<\/script>\n<!-- \/ Yoast SEO plugin. -->","yoast_head_json":{"title":"Excedrin Ibuprofen Safety | Medical Offices of Manhattan","description":"Excedrin and ibuprofen are useful for the management of headaches, such as tension and migraines. But maybe you shouldn't take them together?","robots":{"index":"index","follow":"follow","max-snippet":"max-snippet:-1","max-image-preview":"max-image-preview:large","max-video-preview":"max-video-preview:-1"},"canonical":"https:\/\/www.medicalofficesofmanhattan.com\/es\/news\/can-you-take-excedrin-and-ibuprofen-together\/","og_locale":"es_ES","og_type":"article","og_title":"Excedrin Ibuprofen Safety | Medical Offices of Manhattan","og_description":"Excedrin and ibuprofen are useful for the management of headaches, such as tension and migraines. But maybe you shouldn't take them together?","og_url":"https:\/\/www.medicalofficesofmanhattan.com\/es\/news\/can-you-take-excedrin-and-ibuprofen-together\/","og_site_name":"Medical Offices of Manhattan","article_published_time":"2024-11-26T15:48:37+00:00","og_image":[{"width":600,"height":400,"url":"https:\/\/www.medicalofficesofmanhattan.com\/wp-content\/uploads\/2024\/11\/aspirin-palm-jpg.webp","type":"image\/jpeg"}],"author":"aaron","twitter_card":"summary_large_image","twitter_misc":{"Written by":"aaron","Est. reading time":"1 minuto"},"schema":{"@context":"https:\/\/schema.org","@graph":[{"@type":"Article","@id":"https:\/\/www.medicalofficesofmanhattan.com\/news\/can-you-take-excedrin-and-ibuprofen-together\/#article","isPartOf":{"@id":"https:\/\/www.medicalofficesofmanhattan.com\/news\/can-you-take-excedrin-and-ibuprofen-together\/"},"author":{"name":"aaron","@id":"https:\/\/www.medicalofficesofmanhattan.com\/#\/schema\/person\/f4e0d0df9e332dfbd24c6660c5b5c24c"},"headline":"Can you take Excedrin and ibuprofen together?","datePublished":"2024-11-26T15:48:37+00:00","mainEntityOfPage":{"@id":"https:\/\/www.medicalofficesofmanhattan.com\/news\/can-you-take-excedrin-and-ibuprofen-together\/"},"wordCount":140,"commentCount":0,"publisher":{"@id":"https:\/\/www.medicalofficesofmanhattan.com\/#organization"},"image":{"@id":"https:\/\/www.medicalofficesofmanhattan.com\/news\/can-you-take-excedrin-and-ibuprofen-together\/#primaryimage"},"thumbnailUrl":"https:\/\/www.medicalofficesofmanhattan.com\/wp-content\/uploads\/2024\/11\/aspirin-palm-jpg.webp","keywords":["headache","ibupropfen","Excedrin ibuprofen","pain","excedrin"],"articleSection":["News","Media"],"inLanguage":"es","potentialAction":[{"@type":"CommentAction","name":"Comment","target":["https:\/\/www.medicalofficesofmanhattan.com\/news\/can-you-take-excedrin-and-ibuprofen-together\/#respond"]}]},{"@type":"WebPage","@id":"https:\/\/www.medicalofficesofmanhattan.com\/news\/can-you-take-excedrin-and-ibuprofen-together\/","url":"https:\/\/www.medicalofficesofmanhattan.com\/news\/can-you-take-excedrin-and-ibuprofen-together\/","name":"Excedrin Ibuprofen Safety | Medical Offices of Manhattan","isPartOf":{"@id":"https:\/\/www.medicalofficesofmanhattan.com\/#website"},"primaryImageOfPage":{"@id":"https:\/\/www.medicalofficesofmanhattan.com\/news\/can-you-take-excedrin-and-ibuprofen-together\/#primaryimage"},"image":{"@id":"https:\/\/www.medicalofficesofmanhattan.com\/news\/can-you-take-excedrin-and-ibuprofen-together\/#primaryimage"},"thumbnailUrl":"https:\/\/www.medicalofficesofmanhattan.com\/wp-content\/uploads\/2024\/11\/aspirin-palm-jpg.webp","datePublished":"2024-11-26T15:48:37+00:00","description":"Excedrin and ibuprofen are useful for the management of headaches, such as tension and migraines. But maybe you shouldn't take them together?","breadcrumb":{"@id":"https:\/\/www.medicalofficesofmanhattan.com\/news\/can-you-take-excedrin-and-ibuprofen-together\/#breadcrumb"},"inLanguage":"es","potentialAction":[{"@type":"ReadAction","target":["https:\/\/www.medicalofficesofmanhattan.com\/news\/can-you-take-excedrin-and-ibuprofen-together\/"]}]},{"@type":"ImageObject","inLanguage":"es","@id":"https:\/\/www.medicalofficesofmanhattan.com\/news\/can-you-take-excedrin-and-ibuprofen-together\/#primaryimage","url":"https:\/\/www.medicalofficesofmanhattan.com\/wp-content\/uploads\/2024\/11\/aspirin-palm-jpg.webp","contentUrl":"https:\/\/www.medicalofficesofmanhattan.com\/wp-content\/uploads\/2024\/11\/aspirin-palm-jpg.webp","width":600,"height":400},{"@type":"BreadcrumbList","@id":"https:\/\/www.medicalofficesofmanhattan.com\/news\/can-you-take-excedrin-and-ibuprofen-together\/#breadcrumb","itemListElement":[{"@type":"ListItem","position":1,"name":"Home","item":"https:\/\/www.medicalofficesofmanhattan.com\/"},{"@type":"ListItem","position":2,"name":"Can you take Excedrin and ibuprofen together?"}]},{"@type":"WebSite","@id":"https:\/\/www.medicalofficesofmanhattan.com\/#website","url":"https:\/\/www.medicalofficesofmanhattan.com\/","name":"Consultorios M\u00e9dicos de Manhattan","description":"M\u00e9dicos de atenci\u00f3n primaria galardonados","publisher":{"@id":"https:\/\/www.medicalofficesofmanhattan.com\/#organization"},"potentialAction":[{"@type":"SearchAction","target":{"@type":"EntryPoint","urlTemplate":"https:\/\/www.medicalofficesofmanhattan.com\/?s={search_term_string}"},"query-input":{"@type":"PropertyValueSpecification","valueRequired":true,"valueName":"search_term_string"}}],"inLanguage":"es"},{"@type":"Organization","@id":"https:\/\/www.medicalofficesofmanhattan.com\/#organization","name":"Consultorios M\u00e9dicos de Manhattan","url":"https:\/\/www.medicalofficesofmanhattan.com\/","logo":{"@type":"ImageObject","inLanguage":"es","@id":"https:\/\/www.medicalofficesofmanhattan.com\/#\/schema\/logo\/image\/","url":"https:\/\/www.medicalofficesofmanhattan.com\/wp-content\/uploads\/2023\/01\/Medical-Offices-of-Manhattan-Logo-White.png","contentUrl":"https:\/\/www.medicalofficesofmanhattan.com\/wp-content\/uploads\/2023\/01\/Medical-Offices-of-Manhattan-Logo-White.png","width":1794,"height":496,"caption":"Medical Offices of Manhattan"},"image":{"@id":"https:\/\/www.medicalofficesofmanhattan.com\/#\/schema\/logo\/image\/"}},{"@type":"Person","@id":"https:\/\/www.medicalofficesofmanhattan.com\/#\/schema\/person\/f4e0d0df9e332dfbd24c6660c5b5c24c","name":"aaron","image":{"@type":"ImageObject","inLanguage":"es","@id":"https:\/\/www.medicalofficesofmanhattan.com\/#\/schema\/person\/image\/","url":"https:\/\/secure.gravatar.com\/avatar\/36ab9cec3f8461a75b345f838bc0d7bebfaf632be51a41ae93b21196abe8a7e1?s=96&d=mm&r=g","contentUrl":"https:\/\/secure.gravatar.com\/avatar\/36ab9cec3f8461a75b345f838bc0d7bebfaf632be51a41ae93b21196abe8a7e1?s=96&d=mm&r=g","caption":"aaron"},"url":"https:\/\/www.medicalofficesofmanhattan.com\/es\/author\/aaron\/"}]}},"_links":{"self":[{"href":"https:\/\/www.medicalofficesofmanhattan.com\/es\/wp-json\/wp\/v2\/posts\/110344","targetHints":{"allow":["GET"]}}],"collection":[{"href":"https:\/\/www.medicalofficesofmanhattan.com\/es\/wp-json\/wp\/v2\/posts"}],"about":[{"href":"https:\/\/www.medicalofficesofmanhattan.com\/es\/wp-json\/wp\/v2\/types\/post"}],"author":[{"embeddable":true,"href":"https:\/\/www.medicalofficesofmanhattan.com\/es\/wp-json\/wp\/v2\/users\/3"}],"replies":[{"embeddable":true,"href":"https:\/\/www.medicalofficesofmanhattan.com\/es\/wp-json\/wp\/v2\/comments?post=110344"}],"version-history":[{"count":3,"href":"https:\/\/www.medicalofficesofmanhattan.com\/es\/wp-json\/wp\/v2\/posts\/110344\/revisions"}],"predecessor-version":[{"id":110355,"href":"https:\/\/www.medicalofficesofmanhattan.com\/es\/wp-json\/wp\/v2\/posts\/110344\/revisions\/110355"}],"wp:featuredmedia":[{"embeddable":true,"href":"https:\/\/www.medicalofficesofmanhattan.com\/es\/wp-json\/wp\/v2\/media\/110352"}],"wp:attachment":[{"href":"https:\/\/www.medicalofficesofmanhattan.com\/es\/wp-json\/wp\/v2\/media?parent=110344"}],"wp:term":[{"taxonomy":"category","embeddable":true,"href":"https:\/\/www.medicalofficesofmanhattan.com\/es\/wp-json\/wp\/v2\/categories?post=110344"},{"taxonomy":"post_tag","embeddable":true,"href":"https:\/\/www.medicalofficesofmanhattan.com\/es\/wp-json\/wp\/v2\/tags?post=110344"}],"curies":[{"name":"\u00a1Bien jugado!","href":"https:\/\/api.w.org\/{rel}","templated":true}]}}